{"id":3493,"date":"2021-07-01T11:51:00","date_gmt":"2021-07-01T09:51:00","guid":{"rendered":"https:\/\/feelfreeagency.com\/envirofond\/?p=3493"},"modified":"2022-03-31T11:51:36","modified_gmt":"2022-03-31T09:51:36","slug":"tlacova-sprava-9","status":"publish","type":"post","link":"https:\/\/feelfreeagency.com\/envirofond\/2021\/07\/01\/tlacova-sprava-9\/","title":{"rendered":"Tla\u010dov\u00e1 spr\u00e1va"},"content":{"rendered":"\n<p><strong>Envirofond posil\u0148uje extern\u00fa komunik\u00e1ciu s&nbsp;verejnos\u0165ou<\/strong><\/p>\n\n\n\n<p><strong>Environment\u00e1lny fond zriadil infolinku<\/strong><\/p>\n\n\n\n<p><strong>Infolinka Environment\u00e1lneho fondu bola zriaden\u00e1 za \u00fa\u010delom maximaliz\u00e1cie efekt\u00edvnej komunik\u00e1cie so \u017eiadate\u013emi a&nbsp;prij\u00edmate\u013emi podpory formou dot\u00e1cie, \u00faveru, pr\u00edspevku ako aj pomoci &nbsp;pri rie\u0161en\u00ed ot\u00e1zok v&nbsp;s\u00favislosti s&nbsp;poplatkami, pokutami, konsolid\u00e1ciami a&nbsp;tie\u017e lep\u0161ej operat\u00edvnej spolupr\u00e1ce s&nbsp;extern\u00fdm prostred\u00edm<\/strong>.&nbsp;<strong>Envirofond sa aj t\u00fdmto sp\u00f4sobom sna\u017e\u00ed dosta\u0165 bli\u017e\u0161ie k&nbsp;\u017eiadate\u013eom a prij\u00edmate\u013eom podpory a&nbsp;\u010fal\u0161\u00edm subjektom vo vz\u0165ahu k&nbsp;fondu.<\/strong><\/p>\n\n\n\n<p>Vo v\u0161eobecnosti m\u00e1 infolinka pom\u00f4c\u0165 pri rie\u0161en\u00ed t\u00e9m, ktor\u00e9 s\u00fa v&nbsp;p\u00f4sobnosti \u0161t\u00e1tneho fondu. Operat\u00edvne poskytn\u00fa\u0165 z\u00e1kladn\u00e9 inform\u00e1cie a&nbsp;odpoveda\u0165 na ot\u00e1zky s\u00favisiace s&nbsp;\u010dinnos\u0165ou fondu. Volaj\u00faci na infolinke z\u00edskaj\u00fa inform\u00e1cie o&nbsp;stave ich projektu, o&nbsp;schv\u00e1len\u00fdch alebo neschv\u00e1len\u00fdch \u017eiadostiach, o&nbsp;tom, \u010do je potrebn\u00e9 k&nbsp;podaniu \u017eiadosti o&nbsp;dot\u00e1ciu alebo \u00faver a&nbsp;tie\u017e inform\u00e1cie v&nbsp;s\u00favislosti s&nbsp;poplatkami a&nbsp;pokutami a&nbsp;in\u00e9.<\/p>\n\n\n\n<p>Zamestnanci fondu bud\u00fa u\u017e\u00edvate\u013eom infolinky k&nbsp;dispoz\u00edcii v&nbsp;pracovn\u00fdch d\u0148och&nbsp;<strong>od 08.00 do 16.00h na telef\u00f3nnom \u010d\u00edsle 0800 242&nbsp;242.&nbsp;<\/strong>Zriaden\u00e1 infolinka je aktu\u00e1lne v&nbsp;testovacej f\u00e1ze, ktorej pr\u00ednos bude fond vyhodnocova\u0165 v&nbsp;\u010dase a&nbsp;s\u00fa\u010dasne pracova\u0165 na mo\u017en\u00fdch zlep\u0161eniach.<\/p>\n\n\n\n<p>Na\u010falej ost\u00e1va ako prim\u00e1rny zdroj inform\u00e1ci\u00ed webov\u00e9 s\u00eddlo fondu,&nbsp;<a href=\"http:\/\/www.envirofond.sk\/\">www.envirofond.sk<\/a>, v&nbsp;r\u00e1mci ktor\u00e9ho fond zverej\u0148uje pravidelne aktualizovan\u00e9 inform\u00e1cie.<\/p>\n\n\n\n<p>(01. 07. 2021)<\/p>\n","protected":false},"excerpt":{"rendered":"<p>Envirofond posil\u0148uje extern\u00fa komunik\u00e1ciu s&nbsp;verejnos\u0165ou Environment\u00e1lny fond zriadil infolinku Infolinka Environment\u00e1lneho fondu bola zriaden\u00e1 za \u00fa\u010delom maximaliz\u00e1cie efekt\u00edvnej komunik\u00e1cie so \u017eiadate\u013emi a&nbsp;prij\u00edmate\u013emi podpory formou dot\u00e1cie, \u00faveru, pr\u00edspevku ako aj pomoci &nbsp;pri rie\u0161en\u00ed ot\u00e1zok v&nbsp;s\u00favislosti s&nbsp;poplatkami, pokutami, konsolid\u00e1ciami a&nbsp;tie\u017e lep\u0161ej operat\u00edvnej spolupr\u00e1ce s&nbsp;extern\u00fdm prostred\u00edm.&nbsp;Envirofond sa aj t\u00fdmto sp\u00f4sobom sna\u017e\u00ed dosta\u0165 bli\u017e\u0161ie k&nbsp;\u017eiadate\u013eom a prij\u00edmate\u013eom podpory a&nbsp;\u010fal\u0161\u00edm [&hellip;]<\/p>\n","protected":false},"author":1,"featured_media":0,"comment_status":"closed","ping_status":"closed","sticky":false,"template":"","format":"standard","meta":{"footnotes":""},"categories":[89],"tags":[],"class_list":["post-3493","post","type-post","status-publish","format-standard","hentry","category-oznam"],"_links":{"self":[{"href":"https:\/\/feelfreeagency.com\/envirofond\/wp-json\/wp\/v2\/posts\/3493","targetHints":{"allow":["GET"]}}],"collection":[{"href":"https:\/\/feelfreeagency.com\/envirofond\/wp-json\/wp\/v2\/posts"}],"about":[{"href":"https:\/\/feelfreeagency.com\/envirofond\/wp-json\/wp\/v2\/types\/post"}],"author":[{"embeddable":true,"href":"https:\/\/feelfreeagency.com\/envirofond\/wp-json\/wp\/v2\/users\/1"}],"replies":[{"embeddable":true,"href":"https:\/\/feelfreeagency.com\/envirofond\/wp-json\/wp\/v2\/comments?post=3493"}],"version-history":[{"count":1,"href":"https:\/\/feelfreeagency.com\/envirofond\/wp-json\/wp\/v2\/posts\/3493\/revisions"}],"predecessor-version":[{"id":3494,"href":"https:\/\/feelfreeagency.com\/envirofond\/wp-json\/wp\/v2\/posts\/3493\/revisions\/3494"}],"wp:attachment":[{"href":"https:\/\/feelfreeagency.com\/envirofond\/wp-json\/wp\/v2\/media?parent=3493"}],"wp:term":[{"taxonomy":"category","embeddable":true,"href":"https:\/\/feelfreeagency.com\/envirofond\/wp-json\/wp\/v2\/categories?post=3493"},{"taxonomy":"post_tag","embeddable":true,"href":"https:\/\/feelfreeagency.com\/envirofond\/wp-json\/wp\/v2\/tags?post=3493"}],"curies":[{"name":"wp","href":"https:\/\/api.w.org\/{rel}","templated":true}]}}