{"id":3485,"date":"2021-07-20T11:48:00","date_gmt":"2021-07-20T09:48:00","guid":{"rendered":"https:\/\/feelfreeagency.com\/envirofond\/?p=3485"},"modified":"2022-03-31T11:49:09","modified_gmt":"2022-03-31T09:49:09","slug":"oznam-26","status":"publish","type":"post","link":"https:\/\/feelfreeagency.com\/envirofond\/2021\/07\/20\/oznam-26\/","title":{"rendered":"Oznam!"},"content":{"rendered":"\n<p><strong>Oznam pre \u017eiadate\u013eov<\/strong><\/p>\n\n\n\n<p>V\u00e1\u017een\u00ed \u017eiadatelia o&nbsp;poskytnutie podpory z&nbsp;EF,<\/p>\n\n\n\n<p>t\u00fdmto si v\u00e1s dovo\u013eujeme informova\u0165, \u017ee EF v&nbsp;zmysle \u00a79, bod 7 Z\u00e1kona \u010d. 587\/2004 o&nbsp;Environment\u00e1lnom fonde a&nbsp;o&nbsp;zmene a&nbsp;doplnen\u00ed niektor\u00fdch z\u00e1konov, zverejnil&nbsp;<strong>Preh\u013ead \u017eiadate\u013eov o poskytnutie finan\u010dn\u00fdch prostriedkov formou dot\u00e1cie z Environment\u00e1lneho fondu na rok 2021, o ktor\u00fdch podpore rozhodol minister M\u017dP SR<\/strong>.<\/p>\n\n\n\n<p>Z\u00e1rove\u0148 informujeme, \u017ee v&nbsp;najbli\u017e\u0161\u00edch d\u0148och EF za\u010dne s&nbsp;distrib\u00faciou&nbsp;<strong>Ozn\u00e1men\u00ed o nezaraden\u00ed \u017eiadost\u00ed o&nbsp;poskytnutie podpory formou dot\u00e1cie.<\/strong><\/p>\n\n\n\n<p><strong>Preh\u013ead nezaraden\u00fdch \u017eiadost\u00ed o&nbsp;poskytnutie podpory formou dot\u00e1cie<\/strong>&nbsp;a&nbsp;<strong>Preh\u013ead \u017eiadate\u013eov o poskytnutie finan\u010dn\u00fdch prostriedkov formou dot\u00e1cie z Environment\u00e1lneho fondu na rok 2021, o ktor\u00fdch podpore nerozhodol minister M\u017dP SR<\/strong>&nbsp;bude n\u00e1sledne v&nbsp;najkrat\u0161om mo\u017enom \u010dase zverejnen\u00fd na webovom s\u00eddle EF.<\/p>\n\n\n\n<p>(20. 07. 2021)<\/p>\n","protected":false},"excerpt":{"rendered":"<p>Oznam pre \u017eiadate\u013eov V\u00e1\u017een\u00ed \u017eiadatelia o&nbsp;poskytnutie podpory z&nbsp;EF, t\u00fdmto si v\u00e1s dovo\u013eujeme informova\u0165, \u017ee EF v&nbsp;zmysle \u00a79, bod 7 Z\u00e1kona \u010d. 587\/2004 o&nbsp;Environment\u00e1lnom fonde a&nbsp;o&nbsp;zmene a&nbsp;doplnen\u00ed niektor\u00fdch z\u00e1konov, zverejnil&nbsp;Preh\u013ead \u017eiadate\u013eov o poskytnutie finan\u010dn\u00fdch prostriedkov formou dot\u00e1cie z Environment\u00e1lneho fondu na rok 2021, o ktor\u00fdch podpore rozhodol minister M\u017dP SR. Z\u00e1rove\u0148 informujeme, \u017ee v&nbsp;najbli\u017e\u0161\u00edch d\u0148och EF [&hellip;]<\/p>\n","protected":false},"author":1,"featured_media":0,"comment_status":"closed","ping_status":"closed","sticky":false,"template":"","format":"standard","meta":{"footnotes":""},"categories":[89],"tags":[],"class_list":["post-3485","post","type-post","status-publish","format-standard","hentry","category-oznam"],"_links":{"self":[{"href":"https:\/\/feelfreeagency.com\/envirofond\/wp-json\/wp\/v2\/posts\/3485","targetHints":{"allow":["GET"]}}],"collection":[{"href":"https:\/\/feelfreeagency.com\/envirofond\/wp-json\/wp\/v2\/posts"}],"about":[{"href":"https:\/\/feelfreeagency.com\/envirofond\/wp-json\/wp\/v2\/types\/post"}],"author":[{"embeddable":true,"href":"https:\/\/feelfreeagency.com\/envirofond\/wp-json\/wp\/v2\/users\/1"}],"replies":[{"embeddable":true,"href":"https:\/\/feelfreeagency.com\/envirofond\/wp-json\/wp\/v2\/comments?post=3485"}],"version-history":[{"count":1,"href":"https:\/\/feelfreeagency.com\/envirofond\/wp-json\/wp\/v2\/posts\/3485\/revisions"}],"predecessor-version":[{"id":3486,"href":"https:\/\/feelfreeagency.com\/envirofond\/wp-json\/wp\/v2\/posts\/3485\/revisions\/3486"}],"wp:attachment":[{"href":"https:\/\/feelfreeagency.com\/envirofond\/wp-json\/wp\/v2\/media?parent=3485"}],"wp:term":[{"taxonomy":"category","embeddable":true,"href":"https:\/\/feelfreeagency.com\/envirofond\/wp-json\/wp\/v2\/categories?post=3485"},{"taxonomy":"post_tag","embeddable":true,"href":"https:\/\/feelfreeagency.com\/envirofond\/wp-json\/wp\/v2\/tags?post=3485"}],"curies":[{"name":"wp","href":"https:\/\/api.w.org\/{rel}","templated":true}]}}