{"id":3483,"date":"2021-07-30T11:48:00","date_gmt":"2021-07-30T09:48:00","guid":{"rendered":"https:\/\/feelfreeagency.com\/envirofond\/?p=3483"},"modified":"2022-03-31T11:48:45","modified_gmt":"2022-03-31T09:48:45","slug":"oznam-25","status":"publish","type":"post","link":"https:\/\/feelfreeagency.com\/envirofond\/2021\/07\/30\/oznam-25\/","title":{"rendered":"Oznam!"},"content":{"rendered":"\n<p><strong>V\u00fdzvu na predlo\u017eenie \u017eiadosti o kompenz\u00e1ciu n\u00e1kladov za rok 2020<\/strong><\/p>\n\n\n\n<p>&nbsp;zverej\u0148uje Environment\u00e1lny fond s term\u00ednom doru\u010denia \u017eiadost\u00ed do&nbsp;<strong>31. augusta 2021<\/strong>&nbsp;pre&nbsp;podniky v&nbsp;odvetviach a&nbsp;pododvetviach, v&nbsp;pr\u00edpade ktor\u00fdch sa predpoklad\u00e1 zna\u010dn\u00e9 riziko \u00faniku uhl\u00edka v&nbsp;s\u00favislosti s&nbsp;premietnut\u00edm n\u00e1kladov emisn\u00fdch kv\u00f3t v&nbsp;r\u00e1mci EU ETS do cien elektrickej energie. D\u00f4le\u017eit\u00e9 dokumenty n\u00e1jdete&nbsp;<a href=\"http:\/\/www.envirofond.sk\/sk\/podpora\/kompenzacie\" target=\"_blank\" rel=\"noreferrer noopener\">tu<\/a><\/p>\n\n\n\n<p>(30. 07. 2021)<\/p>\n","protected":false},"excerpt":{"rendered":"<p>V\u00fdzvu na predlo\u017eenie \u017eiadosti o kompenz\u00e1ciu n\u00e1kladov za rok 2020 &nbsp;zverej\u0148uje Environment\u00e1lny fond s term\u00ednom doru\u010denia \u017eiadost\u00ed do&nbsp;31. augusta 2021&nbsp;pre&nbsp;podniky v&nbsp;odvetviach a&nbsp;pododvetviach, v&nbsp;pr\u00edpade ktor\u00fdch sa predpoklad\u00e1 zna\u010dn\u00e9 riziko \u00faniku uhl\u00edka v&nbsp;s\u00favislosti s&nbsp;premietnut\u00edm n\u00e1kladov emisn\u00fdch kv\u00f3t v&nbsp;r\u00e1mci EU ETS do cien elektrickej energie. D\u00f4le\u017eit\u00e9 dokumenty n\u00e1jdete&nbsp;tu (30. 07. 2021)<\/p>\n","protected":false},"author":1,"featured_media":0,"comment_status":"closed","ping_status":"closed","sticky":false,"template":"","format":"standard","meta":{"footnotes":""},"categories":[89],"tags":[],"class_list":["post-3483","post","type-post","status-publish","format-standard","hentry","category-oznam"],"_links":{"self":[{"href":"https:\/\/feelfreeagency.com\/envirofond\/wp-json\/wp\/v2\/posts\/3483","targetHints":{"allow":["GET"]}}],"collection":[{"href":"https:\/\/feelfreeagency.com\/envirofond\/wp-json\/wp\/v2\/posts"}],"about":[{"href":"https:\/\/feelfreeagency.com\/envirofond\/wp-json\/wp\/v2\/types\/post"}],"author":[{"embeddable":true,"href":"https:\/\/feelfreeagency.com\/envirofond\/wp-json\/wp\/v2\/users\/1"}],"replies":[{"embeddable":true,"href":"https:\/\/feelfreeagency.com\/envirofond\/wp-json\/wp\/v2\/comments?post=3483"}],"version-history":[{"count":1,"href":"https:\/\/feelfreeagency.com\/envirofond\/wp-json\/wp\/v2\/posts\/3483\/revisions"}],"predecessor-version":[{"id":3484,"href":"https:\/\/feelfreeagency.com\/envirofond\/wp-json\/wp\/v2\/posts\/3483\/revisions\/3484"}],"wp:attachment":[{"href":"https:\/\/feelfreeagency.com\/envirofond\/wp-json\/wp\/v2\/media?parent=3483"}],"wp:term":[{"taxonomy":"category","embeddable":true,"href":"https:\/\/feelfreeagency.com\/envirofond\/wp-json\/wp\/v2\/categories?post=3483"},{"taxonomy":"post_tag","embeddable":true,"href":"https:\/\/feelfreeagency.com\/envirofond\/wp-json\/wp\/v2\/tags?post=3483"}],"curies":[{"name":"wp","href":"https:\/\/api.w.org\/{rel}","templated":true}]}}