{"id":3481,"date":"2021-08-06T11:47:00","date_gmt":"2021-08-06T09:47:00","guid":{"rendered":"https:\/\/feelfreeagency.com\/envirofond\/?p=3481"},"modified":"2022-03-31T11:48:18","modified_gmt":"2022-03-31T09:48:18","slug":"oznam-24","status":"publish","type":"post","link":"https:\/\/feelfreeagency.com\/envirofond\/2021\/08\/06\/oznam-24\/","title":{"rendered":"Oznam!"},"content":{"rendered":"\n<p><strong>Oznam pre \u017eiadate\u013eov<\/strong><\/p>\n\n\n\n<p><strong>Environment\u00e1lny fond oznamuje,<\/strong>&nbsp;\u017ee je zverejnen\u00fd zoznam podporen\u00fdch \u017eiadate\u013eov v r\u00e1mci II. Roz\u0161\u00edrenia \u0161pecifik\u00e1cie \u010dinnost\u00ed podpory na rok 2021 pre oblas\u0165 podpory&nbsp;POD: PROGRAM OBNOVY DEDINY,&nbsp;o&nbsp;ktor\u00fdch podpore rozhodol minister M\u017dP SR, na str\u00e1nke obnovadediny.sk v&nbsp;\u010dasti Dot\u00e1cie \u2013 Program obnovy dediny 2021; link: :&nbsp;<a href=\"https:\/\/www.obnovadediny.sk\/zoznam-podporenych-ziadatelov-pod-2021\/\" target=\"_blank\" rel=\"noreferrer noopener\">https:\/\/www.obnovadediny.sk\/zoznam-podporenych-ziadatelov-pod-2021\/<\/a><\/p>\n\n\n\n<p>(06. 08. 2021)<\/p>\n","protected":false},"excerpt":{"rendered":"<p>Oznam pre \u017eiadate\u013eov Environment\u00e1lny fond oznamuje,&nbsp;\u017ee je zverejnen\u00fd zoznam podporen\u00fdch \u017eiadate\u013eov v r\u00e1mci II. Roz\u0161\u00edrenia \u0161pecifik\u00e1cie \u010dinnost\u00ed podpory na rok 2021 pre oblas\u0165 podpory&nbsp;POD: PROGRAM OBNOVY DEDINY,&nbsp;o&nbsp;ktor\u00fdch podpore rozhodol minister M\u017dP SR, na str\u00e1nke obnovadediny.sk v&nbsp;\u010dasti Dot\u00e1cie \u2013 Program obnovy dediny 2021; link: :&nbsp;https:\/\/www.obnovadediny.sk\/zoznam-podporenych-ziadatelov-pod-2021\/ (06. 08. 2021)<\/p>\n","protected":false},"author":1,"featured_media":0,"comment_status":"closed","ping_status":"closed","sticky":false,"template":"","format":"standard","meta":{"footnotes":""},"categories":[89],"tags":[],"class_list":["post-3481","post","type-post","status-publish","format-standard","hentry","category-oznam"],"_links":{"self":[{"href":"https:\/\/feelfreeagency.com\/envirofond\/wp-json\/wp\/v2\/posts\/3481","targetHints":{"allow":["GET"]}}],"collection":[{"href":"https:\/\/feelfreeagency.com\/envirofond\/wp-json\/wp\/v2\/posts"}],"about":[{"href":"https:\/\/feelfreeagency.com\/envirofond\/wp-json\/wp\/v2\/types\/post"}],"author":[{"embeddable":true,"href":"https:\/\/feelfreeagency.com\/envirofond\/wp-json\/wp\/v2\/users\/1"}],"replies":[{"embeddable":true,"href":"https:\/\/feelfreeagency.com\/envirofond\/wp-json\/wp\/v2\/comments?post=3481"}],"version-history":[{"count":1,"href":"https:\/\/feelfreeagency.com\/envirofond\/wp-json\/wp\/v2\/posts\/3481\/revisions"}],"predecessor-version":[{"id":3482,"href":"https:\/\/feelfreeagency.com\/envirofond\/wp-json\/wp\/v2\/posts\/3481\/revisions\/3482"}],"wp:attachment":[{"href":"https:\/\/feelfreeagency.com\/envirofond\/wp-json\/wp\/v2\/media?parent=3481"}],"wp:term":[{"taxonomy":"category","embeddable":true,"href":"https:\/\/feelfreeagency.com\/envirofond\/wp-json\/wp\/v2\/categories?post=3481"},{"taxonomy":"post_tag","embeddable":true,"href":"https:\/\/feelfreeagency.com\/envirofond\/wp-json\/wp\/v2\/tags?post=3481"}],"curies":[{"name":"wp","href":"https:\/\/api.w.org\/{rel}","templated":true}]}}