{"id":3476,"date":"2021-08-12T11:46:00","date_gmt":"2021-08-12T09:46:00","guid":{"rendered":"https:\/\/feelfreeagency.com\/envirofond\/?p=3476"},"modified":"2022-03-31T11:47:20","modified_gmt":"2022-03-31T09:47:20","slug":"oznam-22","status":"publish","type":"post","link":"https:\/\/feelfreeagency.com\/envirofond\/2021\/08\/12\/oznam-22\/","title":{"rendered":"Oznam!"},"content":{"rendered":"\n<p><strong>Oznam pre \u017eiadate\u013eov<\/strong><\/p>\n\n\n\n<p><strong>Environment\u00e1lny fond oznamuje,<\/strong>&nbsp;\u017ee je zverejnen\u00fd zoznam podporen\u00fdch \u017eiadate\u013eov v r\u00e1mci II. Roz\u0161\u00edrenia \u0161pecifik\u00e1cie \u010dinnost\u00ed podpory na rok 2021 pre oblas\u0165 podpory&nbsp;POP: PROGRAM OCHRANY PR\u00cdRODY,&nbsp;o&nbsp;ktor\u00fdch podpore rozhodol minister M\u017dP SR, na str\u00e1nke pop.sopsr.sk v&nbsp;\u010dasti Dot\u00e1cie \u2013 Program ochrany pr\u00edrody 2021; link: :&nbsp;<a href=\"http:\/\/pop.sopsr.sk\/dotacie\/pop-2021\/\" target=\"_blank\" rel=\"noreferrer noopener\">http:\/\/pop.sopsr.sk\/dotacie\/pop-2021\/<\/a><\/p>\n\n\n\n<p>(12. 08. 2021)<\/p>\n","protected":false},"excerpt":{"rendered":"<p>Oznam pre \u017eiadate\u013eov Environment\u00e1lny fond oznamuje,&nbsp;\u017ee je zverejnen\u00fd zoznam podporen\u00fdch \u017eiadate\u013eov v r\u00e1mci II. Roz\u0161\u00edrenia \u0161pecifik\u00e1cie \u010dinnost\u00ed podpory na rok 2021 pre oblas\u0165 podpory&nbsp;POP: PROGRAM OCHRANY PR\u00cdRODY,&nbsp;o&nbsp;ktor\u00fdch podpore rozhodol minister M\u017dP SR, na str\u00e1nke pop.sopsr.sk v&nbsp;\u010dasti Dot\u00e1cie \u2013 Program ochrany pr\u00edrody 2021; link: :&nbsp;http:\/\/pop.sopsr.sk\/dotacie\/pop-2021\/ (12. 08. 2021)<\/p>\n","protected":false},"author":1,"featured_media":0,"comment_status":"closed","ping_status":"closed","sticky":false,"template":"","format":"standard","meta":{"footnotes":""},"categories":[89],"tags":[],"class_list":["post-3476","post","type-post","status-publish","format-standard","hentry","category-oznam"],"_links":{"self":[{"href":"https:\/\/feelfreeagency.com\/envirofond\/wp-json\/wp\/v2\/posts\/3476","targetHints":{"allow":["GET"]}}],"collection":[{"href":"https:\/\/feelfreeagency.com\/envirofond\/wp-json\/wp\/v2\/posts"}],"about":[{"href":"https:\/\/feelfreeagency.com\/envirofond\/wp-json\/wp\/v2\/types\/post"}],"author":[{"embeddable":true,"href":"https:\/\/feelfreeagency.com\/envirofond\/wp-json\/wp\/v2\/users\/1"}],"replies":[{"embeddable":true,"href":"https:\/\/feelfreeagency.com\/envirofond\/wp-json\/wp\/v2\/comments?post=3476"}],"version-history":[{"count":2,"href":"https:\/\/feelfreeagency.com\/envirofond\/wp-json\/wp\/v2\/posts\/3476\/revisions"}],"predecessor-version":[{"id":3478,"href":"https:\/\/feelfreeagency.com\/envirofond\/wp-json\/wp\/v2\/posts\/3476\/revisions\/3478"}],"wp:attachment":[{"href":"https:\/\/feelfreeagency.com\/envirofond\/wp-json\/wp\/v2\/media?parent=3476"}],"wp:term":[{"taxonomy":"category","embeddable":true,"href":"https:\/\/feelfreeagency.com\/envirofond\/wp-json\/wp\/v2\/categories?post=3476"},{"taxonomy":"post_tag","embeddable":true,"href":"https:\/\/feelfreeagency.com\/envirofond\/wp-json\/wp\/v2\/tags?post=3476"}],"curies":[{"name":"wp","href":"https:\/\/api.w.org\/{rel}","templated":true}]}}