{"id":3474,"date":"2021-08-12T11:46:00","date_gmt":"2021-08-12T09:46:00","guid":{"rendered":"https:\/\/feelfreeagency.com\/envirofond\/?p=3474"},"modified":"2022-03-31T11:46:45","modified_gmt":"2022-03-31T09:46:45","slug":"tlacova-sprava-7","status":"publish","type":"post","link":"https:\/\/feelfreeagency.com\/envirofond\/2021\/08\/12\/tlacova-sprava-7\/","title":{"rendered":"Tla\u010dov\u00e1 spr\u00e1va"},"content":{"rendered":"\n<p><strong>Envirofond vyhl\u00e1si v\u00fdzvu na podporu projektov na ochranu a vyu\u017e\u00edvanie v\u00f4d na rok 2021<\/strong><\/p>\n\n\n\n<p>Environment\u00e1lny fond (EF), ako organiz\u00e1cia zriaden\u00e1 z\u00e1konom a hospod\u00e1riaca s verejn\u00fdmi zdrojmi, aktu\u00e1lne intenz\u00edvne pracuje na novej&nbsp;<strong>v\u00fdzve pre \u017eiadate\u013eov na podporn\u00e9 programov\u00e9 aktivity na rok 2021<\/strong>. P\u00f4jde o v\u00fdzvu&nbsp;zameran\u00fa na oblas\u0165 ochrany a vyu\u017e\u00edvania v\u00f4d (B). Predmetn\u00fa v\u00fdzvu v s\u00falade s \u00a7 4e ods. 2 z\u00e1kona \u010d. 587\/2004 Z.z. o Environment\u00e1lnom fonde a o zmene a doplnen\u00ed niektor\u00fdch z\u00e1konov v znen\u00ed neskor\u0161\u00edchpredpisov fond pl\u00e1nuje zverejni\u0165 koncom augusta 2021 na svojom webovom s\u00eddle.&nbsp;<strong>Term\u00edn predkladania \u017eiadost\u00ed je moment\u00e1lne odhadovan\u00fd na koniec septembra 2021<\/strong>.<\/p>\n\n\n\n<p>Detaily v\u00fdzvy s\u00fa uveden\u00e9&nbsp;<a href=\"http:\/\/envirofond.sk\/_img\/Ziadosti\/TS_Envirofond%20vyhl%C3%A1si%20v%C3%BDzvu%20na%20podporu%20projektov%20zameran%C3%BDch%20na%20ochranu%20a%20vyu%C5%BE%C3%ADvanie%20v%C3%B4d%20na%20rok%202021_12082021.pdf\" target=\"_blank\" rel=\"noreferrer noopener\">tu<\/a><\/p>\n\n\n\n<p>(12. 08. 2021)<\/p>\n","protected":false},"excerpt":{"rendered":"<p>Envirofond vyhl\u00e1si v\u00fdzvu na podporu projektov na ochranu a vyu\u017e\u00edvanie v\u00f4d na rok 2021 Environment\u00e1lny fond (EF), ako organiz\u00e1cia zriaden\u00e1 z\u00e1konom a hospod\u00e1riaca s verejn\u00fdmi zdrojmi, aktu\u00e1lne intenz\u00edvne pracuje na novej&nbsp;v\u00fdzve pre \u017eiadate\u013eov na podporn\u00e9 programov\u00e9 aktivity na rok 2021. P\u00f4jde o v\u00fdzvu&nbsp;zameran\u00fa na oblas\u0165 ochrany a vyu\u017e\u00edvania v\u00f4d (B). Predmetn\u00fa v\u00fdzvu v s\u00falade s [&hellip;]<\/p>\n","protected":false},"author":1,"featured_media":0,"comment_status":"closed","ping_status":"closed","sticky":false,"template":"","format":"standard","meta":{"footnotes":""},"categories":[90],"tags":[],"class_list":["post-3474","post","type-post","status-publish","format-standard","hentry","category-tlacova-sprava"],"_links":{"self":[{"href":"https:\/\/feelfreeagency.com\/envirofond\/wp-json\/wp\/v2\/posts\/3474","targetHints":{"allow":["GET"]}}],"collection":[{"href":"https:\/\/feelfreeagency.com\/envirofond\/wp-json\/wp\/v2\/posts"}],"about":[{"href":"https:\/\/feelfreeagency.com\/envirofond\/wp-json\/wp\/v2\/types\/post"}],"author":[{"embeddable":true,"href":"https:\/\/feelfreeagency.com\/envirofond\/wp-json\/wp\/v2\/users\/1"}],"replies":[{"embeddable":true,"href":"https:\/\/feelfreeagency.com\/envirofond\/wp-json\/wp\/v2\/comments?post=3474"}],"version-history":[{"count":1,"href":"https:\/\/feelfreeagency.com\/envirofond\/wp-json\/wp\/v2\/posts\/3474\/revisions"}],"predecessor-version":[{"id":3475,"href":"https:\/\/feelfreeagency.com\/envirofond\/wp-json\/wp\/v2\/posts\/3474\/revisions\/3475"}],"wp:attachment":[{"href":"https:\/\/feelfreeagency.com\/envirofond\/wp-json\/wp\/v2\/media?parent=3474"}],"wp:term":[{"taxonomy":"category","embeddable":true,"href":"https:\/\/feelfreeagency.com\/envirofond\/wp-json\/wp\/v2\/categories?post=3474"},{"taxonomy":"post_tag","embeddable":true,"href":"https:\/\/feelfreeagency.com\/envirofond\/wp-json\/wp\/v2\/tags?post=3474"}],"curies":[{"name":"wp","href":"https:\/\/api.w.org\/{rel}","templated":true}]}}