{"id":3468,"date":"2021-08-25T11:43:00","date_gmt":"2021-08-25T09:43:00","guid":{"rendered":"https:\/\/feelfreeagency.com\/envirofond\/?p=3468"},"modified":"2022-03-31T11:43:57","modified_gmt":"2022-03-31T09:43:57","slug":"tlacova-sprava-6","status":"publish","type":"post","link":"https:\/\/feelfreeagency.com\/envirofond\/2021\/08\/25\/tlacova-sprava-6\/","title":{"rendered":"Tla\u010dov\u00e1 spr\u00e1va"},"content":{"rendered":"\n<p><strong>Nov\u00fd Envirofond men\u00ed komunik\u00e1ciu na proakt\u00edvnu. Posilou v&nbsp;externej komunik\u00e1cii fondu bude aj nov\u00fd Facebookov\u00fd profil fondu.<\/strong><\/p>\n\n\n\n<p><strong>Environment\u00e1lny fond zriadil na podporu a&nbsp;posilnenie externej komunik\u00e1cie s&nbsp;verejnos\u0165ou ofici\u00e1lny Facebookov\u00fd profil Environment\u00e1lneho fondu. Cie\u013eom je by\u0165 bli\u017e\u0161ie k&nbsp;\u017eiadate\u013eom o&nbsp;poskytnutie finan\u010dnej podpory z&nbsp;fondu prostredn\u00edctvom dot\u00e1ci\u00ed, \u00faverov alebo pr\u00edspevkov, upriamenie pozornosti na podporovan\u00e9 oblasti, ale taktie\u017e ide aj o spreh\u013eadnenie a&nbsp;stransparentnenie procesov fondu, &nbsp;informovanie a zvidite\u013enenie vykon\u00e1van\u00fdch \u010dinnost\u00ed fondu.<\/strong><\/p>\n\n\n\n<p>Facebookov\u00fd profil Environment\u00e1lneho fondu bude \u010fal\u0161\u00edm z&nbsp;informa\u010dn\u00fdch zdrojov fondu pre obce, mest\u00e1, neziskov\u00e9 organiz\u00e1cie, odborn\u00fa a \u0161irok\u00fa verejnos\u0165. Fond tak napreduje v&nbsp;nap\u013a\u0148an\u00ed a&nbsp;rozvoji svojich v\u00edzii, ktor\u00fdmi s\u00fa okrem in\u00e9ho aj proakt\u00edvny pr\u00edstup v&nbsp;komunik\u00e1cii. V&nbsp;r\u00e1mci facebookov\u00e9ho profilu sa fond bude sna\u017ei\u0165 o&nbsp;pribl\u00ed\u017eenie v\u0161etk\u00e9ho aktu\u00e1lneho z&nbsp;vn\u00fatra fondu v&nbsp;s\u00favislosti s&nbsp;enviro oblas\u0165ou, pouk\u00e1zanie na novinky, zdie\u013eanie zauj\u00edmav\u00fdch t\u00e9m. Nemenej d\u00f4le\u017eitou s\u00fa\u010das\u0165ou bude aj diskusia s&nbsp;ka\u017ed\u00fdm, kto bude ma\u0165 ak\u00fako\u013evek ot\u00e1zku, pripomienku, podnet alebo pr\u00edspevok na stranu Environment\u00e1lneho fondu.<\/p>\n\n\n\n<p>Na\u010falej ost\u00e1va ako prim\u00e1rny zdroj inform\u00e1ci\u00ed webov\u00e9 s\u00eddlo fondu,&nbsp;<a href=\"http:\/\/www.envirofond.sk\/\">www.envirofond.sk<\/a>, v&nbsp;r\u00e1mci ktor\u00e9ho fond pravidelne zverej\u0148uje aktualizovan\u00e9 inform\u00e1cie a&nbsp;infolinka Environment\u00e1lneho fondu, na ktorej volaj\u00faci z\u00edskaj\u00fa inform\u00e1cie o&nbsp;stave ich projektu, o&nbsp;schv\u00e1len\u00fdch alebo neschv\u00e1len\u00fdch \u017eiadostiach, o&nbsp;tom, \u010do je potrebn\u00e9 k&nbsp;podaniu \u017eiadosti o&nbsp;dot\u00e1ciu, \u00faver alebo pr\u00edspevok a&nbsp;tie\u017e inform\u00e1cie v&nbsp;s\u00favislosti s&nbsp;poplatkami, pokutami a&nbsp;in\u00e9.<\/p>\n\n\n\n<p>Viac o&nbsp;novom Facebookovom profile Environment\u00e1lneho fondu n\u00e1jdete&nbsp;<a href=\"https:\/\/www.facebook.com\/search\/top?q=environment%C3%A1lny%20fond\" target=\"_blank\" rel=\"noreferrer noopener\">tu<\/a>.<\/p>\n\n\n\n<p>(25. 08. 2021)<\/p>\n","protected":false},"excerpt":{"rendered":"<p>Nov\u00fd Envirofond men\u00ed komunik\u00e1ciu na proakt\u00edvnu. Posilou v&nbsp;externej komunik\u00e1cii fondu bude aj nov\u00fd Facebookov\u00fd profil fondu. Environment\u00e1lny fond zriadil na podporu a&nbsp;posilnenie externej komunik\u00e1cie s&nbsp;verejnos\u0165ou ofici\u00e1lny Facebookov\u00fd profil Environment\u00e1lneho fondu. Cie\u013eom je by\u0165 bli\u017e\u0161ie k&nbsp;\u017eiadate\u013eom o&nbsp;poskytnutie finan\u010dnej podpory z&nbsp;fondu prostredn\u00edctvom dot\u00e1ci\u00ed, \u00faverov alebo pr\u00edspevkov, upriamenie pozornosti na podporovan\u00e9 oblasti, ale taktie\u017e ide aj o spreh\u013eadnenie [&hellip;]<\/p>\n","protected":false},"author":1,"featured_media":0,"comment_status":"closed","ping_status":"closed","sticky":false,"template":"","format":"standard","meta":{"footnotes":""},"categories":[90],"tags":[],"class_list":["post-3468","post","type-post","status-publish","format-standard","hentry","category-tlacova-sprava"],"_links":{"self":[{"href":"https:\/\/feelfreeagency.com\/envirofond\/wp-json\/wp\/v2\/posts\/3468","targetHints":{"allow":["GET"]}}],"collection":[{"href":"https:\/\/feelfreeagency.com\/envirofond\/wp-json\/wp\/v2\/posts"}],"about":[{"href":"https:\/\/feelfreeagency.com\/envirofond\/wp-json\/wp\/v2\/types\/post"}],"author":[{"embeddable":true,"href":"https:\/\/feelfreeagency.com\/envirofond\/wp-json\/wp\/v2\/users\/1"}],"replies":[{"embeddable":true,"href":"https:\/\/feelfreeagency.com\/envirofond\/wp-json\/wp\/v2\/comments?post=3468"}],"version-history":[{"count":1,"href":"https:\/\/feelfreeagency.com\/envirofond\/wp-json\/wp\/v2\/posts\/3468\/revisions"}],"predecessor-version":[{"id":3469,"href":"https:\/\/feelfreeagency.com\/envirofond\/wp-json\/wp\/v2\/posts\/3468\/revisions\/3469"}],"wp:attachment":[{"href":"https:\/\/feelfreeagency.com\/envirofond\/wp-json\/wp\/v2\/media?parent=3468"}],"wp:term":[{"taxonomy":"category","embeddable":true,"href":"https:\/\/feelfreeagency.com\/envirofond\/wp-json\/wp\/v2\/categories?post=3468"},{"taxonomy":"post_tag","embeddable":true,"href":"https:\/\/feelfreeagency.com\/envirofond\/wp-json\/wp\/v2\/tags?post=3468"}],"curies":[{"name":"wp","href":"https:\/\/api.w.org\/{rel}","templated":true}]}}